{"id":399,"date":"2014-12-20T10:15:06","date_gmt":"2014-12-20T09:15:06","guid":{"rendered":"http:\/\/www.raumplanerin.ch\/cms\/?p=399"},"modified":"2020-07-06T18:34:24","modified_gmt":"2020-07-06T16:34:24","slug":"bundesterrasse-nachts-schliesen","status":"publish","type":"post","link":"https:\/\/www.raumplanerin.ch\/cms\/bundesterrasse-nachts-schliesen\/","title":{"rendered":"Bundesterrasse Nachts schliessen?"},"content":{"rendered":"<p>Die Bundesterrasse ist seit Jahren auch ein Un-Ort. Jedes Wochenende fallen Dutzende Flaschen und anderer Abfall in die Grundst\u00fccke, auf Wohnh\u00e4user und Strassen. Urinieren auf der Vannazhalde und auf M\u00fcnzrain sind weder am Tag noch in der Nacht eine Seltenheit. Der Gemeindrat wird aufgefordert, sofort zu handeln.<\/p>\n<p><a href=\"https:\/\/www.raumplanerin.ch\/cms\/wp-content\/uploads\/2014\/12\/35-09-000331.pdf\">Vorstoss-Bundesterrasse<\/a>, 11.09.2009<\/p>\n<p>Am 05.07.2012 hat der Stadtrat folgendes beschlossen: 4 (neu) Ein \u00f6ffentliches Wegrecht \u00fcber den gesamten Bereich der Bundesterrasse ist grundbuchlich abzusichern.<br \/>\nBez\u00fcglich der Nutzung der Bundesterrasse ist der Stadt vertraglich ein Mitspracherecht einzur\u00e4umen.<\/p>\n<p><a title=\"Streit um die Bundesterrasse\" href=\"http:\/\/www.derbund.ch\/bern\/stadt\/Streit-um-die-Bundesterrasse\/story\/10107590\" target=\"_blank\" rel=\"noopener noreferrer\">Streit um die Bundesterrasse<\/a><\/p>\n<p><a title=\"Streit um Neugestaltung des Bundeshaus-Umfelds spitzt sich zu\" href=\"http:\/\/www.derbund.ch\/bern\/stadt\/Streit-um-Neugestaltung-des-BundeshausUmfelds-spitzt-sich-zu\/story\/31093776\" target=\"_blank\" rel=\"noopener noreferrer\">Streit um Neugestaltung des Bundeshaus-Umfelds spitzt sich zu<\/a><\/p>\n","protected":false},"excerpt":{"rendered":"<p>Die Bundesterrasse ist seit Jahren auch ein Un-Ort. Jedes Wochenende fallen Dutzende Flaschen und anderer Abfall in die Grundst\u00fccke, auf Wohnh\u00e4user und Strassen. Urinieren auf der Vannazhalde und auf M\u00fcnzrain sind weder am Tag noch in der Nacht eine Seltenheit. Der Gemeindrat wird aufgefordert, sofort zu handeln. Vorstoss-Bundesterrasse, 11.09.2009 Am 05.07.2012 hat der Stadtrat folgendes&#8230;<\/p>\n","protected":false},"author":2,"featured_media":0,"comment_status":"closed","ping_status":"open","sticky":false,"template":"","format":"standard","meta":{"footnotes":""},"categories":[122,2],"tags":[72,73],"class_list":["post-399","post","type-post","status-publish","format-standard","hentry","category-stadtrat","category-vorstoesse","tag-bundesterrasse","tag-sicherheit-im-oeffentlichen-raum"],"_links":{"self":[{"href":"https:\/\/www.raumplanerin.ch\/cms\/wp-json\/wp\/v2\/posts\/399","targetHints":{"allow":["GET"]}}],"collection":[{"href":"https:\/\/www.raumplanerin.ch\/cms\/wp-json\/wp\/v2\/posts"}],"about":[{"href":"https:\/\/www.raumplanerin.ch\/cms\/wp-json\/wp\/v2\/types\/post"}],"author":[{"embeddable":true,"href":"https:\/\/www.raumplanerin.ch\/cms\/wp-json\/wp\/v2\/users\/2"}],"replies":[{"embeddable":true,"href":"https:\/\/www.raumplanerin.ch\/cms\/wp-json\/wp\/v2\/comments?post=399"}],"version-history":[{"count":0,"href":"https:\/\/www.raumplanerin.ch\/cms\/wp-json\/wp\/v2\/posts\/399\/revisions"}],"wp:attachment":[{"href":"https:\/\/www.raumplanerin.ch\/cms\/wp-json\/wp\/v2\/media?parent=399"}],"wp:term":[{"taxonomy":"category","embeddable":true,"href":"https:\/\/www.raumplanerin.ch\/cms\/wp-json\/wp\/v2\/categories?post=399"},{"taxonomy":"post_tag","embeddable":true,"href":"https:\/\/www.raumplanerin.ch\/cms\/wp-json\/wp\/v2\/tags?post=399"}],"curies":[{"name":"wp","href":"https:\/\/api.w.org\/{rel}","templated":true}]}}