{"id":385,"date":"2008-11-18T16:13:16","date_gmt":"2008-11-18T15:13:16","guid":{"rendered":"http:\/\/www.raumplanerin.ch\/cms\/?p=373"},"modified":"2020-07-06T18:05:56","modified_gmt":"2020-07-06T16:05:56","slug":"sozialraum-quartier","status":"publish","type":"post","link":"https:\/\/www.raumplanerin.ch\/cms\/sozialraum-quartier\/","title":{"rendered":"Sozialraum &#8218;Quartier&#8216;"},"content":{"rendered":"<p>Die Z\u00fcrcher Hochschule f\u00fcr Angewandte Wissenschaften f\u00fchrt von Oktober 2008 bis Juli 2009 einen CAS &#8218;Soziale Gerontologie&#8216; durch.<\/p>\n","protected":false},"excerpt":{"rendered":"<p>Die Z\u00fcrcher Hochschule f\u00fcr Angewandte Wissenschaften f\u00fchrt von Oktober 2008 bis Juli 2009 einen CAS &#8218;Soziale Gerontologie&#8216; durch.<\/p>\n","protected":false},"author":2,"featured_media":0,"comment_status":"closed","ping_status":"open","sticky":false,"template":"","format":"standard","meta":{"footnotes":""},"categories":[1],"tags":[73,214],"class_list":["post-385","post","type-post","status-publish","format-standard","hentry","category-allgemein","tag-sicherheit-im-oeffentlichen-raum","tag-zhaw"],"_links":{"self":[{"href":"https:\/\/www.raumplanerin.ch\/cms\/wp-json\/wp\/v2\/posts\/385","targetHints":{"allow":["GET"]}}],"collection":[{"href":"https:\/\/www.raumplanerin.ch\/cms\/wp-json\/wp\/v2\/posts"}],"about":[{"href":"https:\/\/www.raumplanerin.ch\/cms\/wp-json\/wp\/v2\/types\/post"}],"author":[{"embeddable":true,"href":"https:\/\/www.raumplanerin.ch\/cms\/wp-json\/wp\/v2\/users\/2"}],"replies":[{"embeddable":true,"href":"https:\/\/www.raumplanerin.ch\/cms\/wp-json\/wp\/v2\/comments?post=385"}],"version-history":[{"count":0,"href":"https:\/\/www.raumplanerin.ch\/cms\/wp-json\/wp\/v2\/posts\/385\/revisions"}],"wp:attachment":[{"href":"https:\/\/www.raumplanerin.ch\/cms\/wp-json\/wp\/v2\/media?parent=385"}],"wp:term":[{"taxonomy":"category","embeddable":true,"href":"https:\/\/www.raumplanerin.ch\/cms\/wp-json\/wp\/v2\/categories?post=385"},{"taxonomy":"post_tag","embeddable":true,"href":"https:\/\/www.raumplanerin.ch\/cms\/wp-json\/wp\/v2\/tags?post=385"}],"curies":[{"name":"wp","href":"https:\/\/api.w.org\/{rel}","templated":true}]}}