{"id":376,"date":"2007-05-15T13:13:11","date_gmt":"2007-05-15T12:13:11","guid":{"rendered":"http:\/\/82.195.224.116\/~raumplanerin\/cms\/?p=178"},"modified":"2022-05-26T23:49:06","modified_gmt":"2022-05-26T21:49:06","slug":"willkommen","status":"publish","type":"post","link":"https:\/\/www.raumplanerin.ch\/cms\/willkommen\/","title":{"rendered":"Sommer 2012"},"content":{"rendered":"\r\n<p>Hallenbad Hirschengraben Bern (geplanter Abriss 2015).<br \/>100 Meter vom Bahnhof entfernt und 10 \u00f6V- Linien vor der T\u00fcre.<\/p>\r\n\r\n\r\n\r\n<p><strong>Gisela Vollmer w\u00fcnscht einen behaglichen Sommer 2012<\/strong><\/p>\r\n","protected":false},"excerpt":{"rendered":"<p>Hallenbad Hirschengraben Bern (geplanter Abriss 2015).100 Meter vom Bahnhof entfernt und 10 \u00f6V- Linien vor der T\u00fcre. Gisela Vollmer w\u00fcnscht einen behaglichen Sommer 2012<\/p>\n","protected":false},"author":2,"featured_media":476,"comment_status":"closed","ping_status":"closed","sticky":false,"template":"","format":"standard","meta":{"footnotes":""},"categories":[168,138,288,132,122,2,292],"tags":[202,87,14,129],"class_list":["post-376","post","type-post","status-publish","format-standard","has-post-thumbnail","hentry","category-artikel","category-mitwirkungen-einsprachen","category-neujahrskarten","category-projekte-2","category-stadtrat","category-vorstoesse","category-kultur","tag-hallenbad","tag-hirschengraben","tag-maulbeeri","tag-schwimmhalle"],"_links":{"self":[{"href":"https:\/\/www.raumplanerin.ch\/cms\/wp-json\/wp\/v2\/posts\/376","targetHints":{"allow":["GET"]}}],"collection":[{"href":"https:\/\/www.raumplanerin.ch\/cms\/wp-json\/wp\/v2\/posts"}],"about":[{"href":"https:\/\/www.raumplanerin.ch\/cms\/wp-json\/wp\/v2\/types\/post"}],"author":[{"embeddable":true,"href":"https:\/\/www.raumplanerin.ch\/cms\/wp-json\/wp\/v2\/users\/2"}],"replies":[{"embeddable":true,"href":"https:\/\/www.raumplanerin.ch\/cms\/wp-json\/wp\/v2\/comments?post=376"}],"version-history":[{"count":1,"href":"https:\/\/www.raumplanerin.ch\/cms\/wp-json\/wp\/v2\/posts\/376\/revisions"}],"predecessor-version":[{"id":2749,"href":"https:\/\/www.raumplanerin.ch\/cms\/wp-json\/wp\/v2\/posts\/376\/revisions\/2749"}],"wp:featuredmedia":[{"embeddable":true,"href":"https:\/\/www.raumplanerin.ch\/cms\/wp-json\/wp\/v2\/media\/476"}],"wp:attachment":[{"href":"https:\/\/www.raumplanerin.ch\/cms\/wp-json\/wp\/v2\/media?parent=376"}],"wp:term":[{"taxonomy":"category","embeddable":true,"href":"https:\/\/www.raumplanerin.ch\/cms\/wp-json\/wp\/v2\/categories?post=376"},{"taxonomy":"post_tag","embeddable":true,"href":"https:\/\/www.raumplanerin.ch\/cms\/wp-json\/wp\/v2\/tags?post=376"}],"curies":[{"name":"wp","href":"https:\/\/api.w.org\/{rel}","templated":true}]}}