{"id":357,"date":"2006-02-28T23:49:18","date_gmt":"2006-02-28T22:49:18","guid":{"rendered":"http:\/\/82.195.224.116\/~raumplanerin\/cms\/?p=101"},"modified":"2022-05-16T22:14:02","modified_gmt":"2022-05-16T20:14:02","slug":"public-paradise-was-wird-aus-den-regionalbahnhofen","status":"publish","type":"post","link":"https:\/\/www.raumplanerin.ch\/cms\/public-paradise-was-wird-aus-den-regionalbahnhofen\/","title":{"rendered":"Public Paradise 2 \u2013 Was wird aus den Regionalbahnh\u00f6fen?"},"content":{"rendered":"<p>28.02.2006 Im Fokus der Tagung stand die Zukunft der rund 1000 schweizerischen Regionalbahnh\u00f6fe als \u00f6ffentliche R\u00e4ume.<\/p>\n<p><a href=\"https:\/\/www.raumplanerin.ch\/cms\/wp-content\/uploads\/2006\/02\/PP_Tagungseinladung.pdf\">Tagungseinladung<\/a><\/p>\n<p><a href=\"https:\/\/www.raumplanerin.ch\/cms\/wp-content\/uploads\/2006\/02\/PP_Karten.pdf\">Postkarten<\/a><\/p>\n<p>&nbsp;<\/p>\n<p>&nbsp;<\/p>\n<p>&nbsp;<\/p>\n<p>&nbsp;<\/p>\n","protected":false},"excerpt":{"rendered":"<p>28.02.2006 Im Fokus der Tagung stand die Zukunft der rund 1000 schweizerischen Regionalbahnh\u00f6fe als \u00f6ffentliche R\u00e4ume. Tagungseinladung Postkarten &nbsp; &nbsp; &nbsp; &nbsp;<\/p>\n","protected":false},"author":2,"featured_media":3009,"comment_status":"closed","ping_status":"closed","sticky":false,"template":"","format":"standard","meta":{"footnotes":""},"categories":[121],"tags":[80,70],"class_list":["post-357","post","type-post","status-publish","format-standard","has-post-thumbnail","hentry","category-tagungen","tag-public-paradise","tag-regionalbahnhoefe"],"_links":{"self":[{"href":"https:\/\/www.raumplanerin.ch\/cms\/wp-json\/wp\/v2\/posts\/357","targetHints":{"allow":["GET"]}}],"collection":[{"href":"https:\/\/www.raumplanerin.ch\/cms\/wp-json\/wp\/v2\/posts"}],"about":[{"href":"https:\/\/www.raumplanerin.ch\/cms\/wp-json\/wp\/v2\/types\/post"}],"author":[{"embeddable":true,"href":"https:\/\/www.raumplanerin.ch\/cms\/wp-json\/wp\/v2\/users\/2"}],"replies":[{"embeddable":true,"href":"https:\/\/www.raumplanerin.ch\/cms\/wp-json\/wp\/v2\/comments?post=357"}],"version-history":[{"count":4,"href":"https:\/\/www.raumplanerin.ch\/cms\/wp-json\/wp\/v2\/posts\/357\/revisions"}],"predecessor-version":[{"id":3014,"href":"https:\/\/www.raumplanerin.ch\/cms\/wp-json\/wp\/v2\/posts\/357\/revisions\/3014"}],"wp:featuredmedia":[{"embeddable":true,"href":"https:\/\/www.raumplanerin.ch\/cms\/wp-json\/wp\/v2\/media\/3009"}],"wp:attachment":[{"href":"https:\/\/www.raumplanerin.ch\/cms\/wp-json\/wp\/v2\/media?parent=357"}],"wp:term":[{"taxonomy":"category","embeddable":true,"href":"https:\/\/www.raumplanerin.ch\/cms\/wp-json\/wp\/v2\/categories?post=357"},{"taxonomy":"post_tag","embeddable":true,"href":"https:\/\/www.raumplanerin.ch\/cms\/wp-json\/wp\/v2\/tags?post=357"}],"curies":[{"name":"wp","href":"https:\/\/api.w.org\/{rel}","templated":true}]}}