{"id":356,"date":"2007-03-03T00:00:00","date_gmt":"2007-03-02T23:00:00","guid":{"rendered":"http:\/\/82.195.224.116\/~raumplanerin\/cms\/?p=100"},"modified":"2022-05-16T22:28:19","modified_gmt":"2022-05-16T20:28:19","slug":"public-paradise-kulturelle-wanderungen-in-urbanen-zonen","status":"publish","type":"post","link":"https:\/\/www.raumplanerin.ch\/cms\/public-paradise-kulturelle-wanderungen-in-urbanen-zonen\/","title":{"rendered":"Public Paradise 3 \u2013 Kulturelle Wanderungen in urbanen Zonen"},"content":{"rendered":"<p>Am 11. Mai 2007\u00a0f\u00fchrte Public Paradise\u00a0in Thun die 3. Tagung &#8218;Kulturelle Wanderungen in urbanen Zonen&#8216; durch.\u00a0Der Anlass fand im RUAG-Areal in der Halle 334 statt. Neben vielen interessanten Vortr\u00e4gen gingen die Teilnehmenden auf kulturelle Wanderungen durch das RUAG-Areal und zum Schluss durch das Selveareal zum M\u00fchleplatz zur OFF07. Dort empfing sie die K\u00fcnstlerin Chantal Michel auf dem Dach.<\/p>\n<p>F\u00fcr die Tagung hat Hochparterre eine Tagungsbrosch\u00fcre produziert. <a href=\"https:\/\/www.raumplanerin.ch\/cms\/wp-content\/uploads\/2007\/03\/PP_RZ_.pdf\">Tagungseinladung<\/a>, <a href=\"https:\/\/www.raumplanerin.ch\/cms\/wp-content\/uploads\/2007\/03\/Publ-Para_ganz.pdf\">Tagungsdoku<\/a><\/p>\n","protected":false},"excerpt":{"rendered":"<p>Am 11. Mai 2007\u00a0f\u00fchrte Public Paradise\u00a0in Thun die 3. Tagung &#8218;Kulturelle Wanderungen in urbanen Zonen&#8216; durch.\u00a0Der Anlass fand im RUAG-Areal in der Halle 334 statt. Neben vielen interessanten Vortr\u00e4gen gingen die Teilnehmenden auf kulturelle Wanderungen durch das RUAG-Areal und zum Schluss durch das Selveareal zum M\u00fchleplatz zur OFF07. Dort empfing sie die K\u00fcnstlerin Chantal Michel&#8230;<\/p>\n","protected":false},"author":2,"featured_media":0,"comment_status":"closed","ping_status":"closed","sticky":false,"template":"","format":"standard","meta":{"footnotes":""},"categories":[5,121],"tags":[200,80,67,199],"class_list":["post-356","post","type-post","status-publish","format-standard","hentry","category-publikationen","category-tagungen","tag-hochparterre","tag-public-paradise","tag-thun","tag-wandern"],"_links":{"self":[{"href":"https:\/\/www.raumplanerin.ch\/cms\/wp-json\/wp\/v2\/posts\/356","targetHints":{"allow":["GET"]}}],"collection":[{"href":"https:\/\/www.raumplanerin.ch\/cms\/wp-json\/wp\/v2\/posts"}],"about":[{"href":"https:\/\/www.raumplanerin.ch\/cms\/wp-json\/wp\/v2\/types\/post"}],"author":[{"embeddable":true,"href":"https:\/\/www.raumplanerin.ch\/cms\/wp-json\/wp\/v2\/users\/2"}],"replies":[{"embeddable":true,"href":"https:\/\/www.raumplanerin.ch\/cms\/wp-json\/wp\/v2\/comments?post=356"}],"version-history":[{"count":2,"href":"https:\/\/www.raumplanerin.ch\/cms\/wp-json\/wp\/v2\/posts\/356\/revisions"}],"predecessor-version":[{"id":3018,"href":"https:\/\/www.raumplanerin.ch\/cms\/wp-json\/wp\/v2\/posts\/356\/revisions\/3018"}],"wp:attachment":[{"href":"https:\/\/www.raumplanerin.ch\/cms\/wp-json\/wp\/v2\/media?parent=356"}],"wp:term":[{"taxonomy":"category","embeddable":true,"href":"https:\/\/www.raumplanerin.ch\/cms\/wp-json\/wp\/v2\/categories?post=356"},{"taxonomy":"post_tag","embeddable":true,"href":"https:\/\/www.raumplanerin.ch\/cms\/wp-json\/wp\/v2\/tags?post=356"}],"curies":[{"name":"wp","href":"https:\/\/api.w.org\/{rel}","templated":true}]}}