{"id":3350,"date":"2024-02-14T22:16:54","date_gmt":"2024-02-14T21:16:54","guid":{"rendered":"http:\/\/www.raumplanerin.ch\/cms\/?p=3350"},"modified":"2024-02-14T22:18:26","modified_gmt":"2024-02-14T21:18:26","slug":"14-millionen-fuer-haus-in-bern-in-der-unteren-altstadt-steht-ein-patrizierhaus-zum-verkauf","status":"publish","type":"post","link":"https:\/\/www.raumplanerin.ch\/cms\/14-millionen-fuer-haus-in-bern-in-der-unteren-altstadt-steht-ein-patrizierhaus-zum-verkauf\/","title":{"rendered":"14 Millionen f\u00fcr Haus in Bern In der Unteren Altstadt steht ein Patrizierhaus zum Verkauf"},"content":{"rendered":"<p>&nbsp;<\/p>\n<p class=\"western\"><span style=\"font-size: small;\">In der Unteren Altstadt steht ein Patrizierhaus zum Verkauf<\/span><\/p>\n<p><a href=\"https:\/\/www.raumplanerin.ch\/cms\/wp-content\/uploads\/2024\/02\/14-Millionen-fuer-Haus-in-Bern.pdf\">14 Millionen f\u00fcr Haus in Bern, Der Bund<\/a><\/p>\n<p><span style=\"font-size: small;\">Gut 650 H\u00e4user geh\u00f6ren zum Kern der Berner Altstadt. Sie haben in den letzten Jahren stark an Wert gewonnen, wie ein aktuelles Verkaufsangebot zeigt.<\/span><\/p>\n","protected":false},"excerpt":{"rendered":"<p>&nbsp; In der Unteren Altstadt steht ein Patrizierhaus zum Verkauf 14 Millionen f\u00fcr Haus in Bern, Der Bund Gut 650 H\u00e4user geh\u00f6ren zum Kern der Berner Altstadt. Sie haben in den letzten Jahren stark an Wert gewonnen, wie ein aktuelles Verkaufsangebot zeigt.<\/p>\n","protected":false},"author":4,"featured_media":3352,"comment_status":"closed","ping_status":"closed","sticky":false,"template":"","format":"standard","meta":{"footnotes":""},"categories":[124],"tags":[189,27],"class_list":["post-3350","post","type-post","status-publish","format-standard","has-post-thumbnail","hentry","category-wohnen","tag-bern","tag-wohnen"],"_links":{"self":[{"href":"https:\/\/www.raumplanerin.ch\/cms\/wp-json\/wp\/v2\/posts\/3350","targetHints":{"allow":["GET"]}}],"collection":[{"href":"https:\/\/www.raumplanerin.ch\/cms\/wp-json\/wp\/v2\/posts"}],"about":[{"href":"https:\/\/www.raumplanerin.ch\/cms\/wp-json\/wp\/v2\/types\/post"}],"author":[{"embeddable":true,"href":"https:\/\/www.raumplanerin.ch\/cms\/wp-json\/wp\/v2\/users\/4"}],"replies":[{"embeddable":true,"href":"https:\/\/www.raumplanerin.ch\/cms\/wp-json\/wp\/v2\/comments?post=3350"}],"version-history":[{"count":2,"href":"https:\/\/www.raumplanerin.ch\/cms\/wp-json\/wp\/v2\/posts\/3350\/revisions"}],"predecessor-version":[{"id":3355,"href":"https:\/\/www.raumplanerin.ch\/cms\/wp-json\/wp\/v2\/posts\/3350\/revisions\/3355"}],"wp:featuredmedia":[{"embeddable":true,"href":"https:\/\/www.raumplanerin.ch\/cms\/wp-json\/wp\/v2\/media\/3352"}],"wp:attachment":[{"href":"https:\/\/www.raumplanerin.ch\/cms\/wp-json\/wp\/v2\/media?parent=3350"}],"wp:term":[{"taxonomy":"category","embeddable":true,"href":"https:\/\/www.raumplanerin.ch\/cms\/wp-json\/wp\/v2\/categories?post=3350"},{"taxonomy":"post_tag","embeddable":true,"href":"https:\/\/www.raumplanerin.ch\/cms\/wp-json\/wp\/v2\/tags?post=3350"}],"curies":[{"name":"wp","href":"https:\/\/api.w.org\/{rel}","templated":true}]}}