{"id":3252,"date":"2023-07-30T17:59:26","date_gmt":"2023-07-30T15:59:26","guid":{"rendered":"http:\/\/www.raumplanerin.ch\/cms\/?p=3252"},"modified":"2023-07-30T21:42:44","modified_gmt":"2023-07-30T19:42:44","slug":"umstrittenes-berner-wandbildwir-machen-das-gegenteil-von-cancel-culture","status":"publish","type":"post","link":"https:\/\/www.raumplanerin.ch\/cms\/umstrittenes-berner-wandbildwir-machen-das-gegenteil-von-cancel-culture\/","title":{"rendered":"Umstrittenes Berner Wandbild\u00abWir machen das Gegenteil von Cancel-Culture\u00bb"},"content":{"rendered":"<h3 class=\"western\"><span style=\"font-size: small;\">Die Stadt als Auftraggeberin: <a href=\"https:\/\/www.raumplanerin.ch\/cms\/wp-content\/uploads\/2023\/07\/Ausschreibung_zum-zweistufigen-Wettbewerb_Wandbild-Wylergut.pdf\">Ausschreibung_zum zweistufigen Wettbewerb_Wandbild Wylergut<\/a><\/span><\/h3>\n<p><a href=\"https:\/\/www.raumplanerin.ch\/cms\/wp-content\/uploads\/2023\/07\/Wettbewerb-Wylergut_Programm-Kornhausforum-und-Teilnehmende.pdf\">Wettbewerb Wylergut_Programm Kornhausforum und Teilnehmende<\/a><\/p>\n<p><a href=\"https:\/\/www.raumplanerin.ch\/cms\/wp-content\/uploads\/2023\/07\/Wettbewerb_Wandbild_Wylergut_Fuenf-Projektvorschlaege.pdf\">Wettbewerb_Wandbild_Wylergut_F\u00fcnf Projektvorschl\u00e4ge<\/a><\/p>\n<p><a href=\"https:\/\/www.raumplanerin.ch\/cms\/wp-content\/uploads\/2023\/07\/Jurybericht_Wettbewerb-Wandbild-Wylergut.pdf\">Jurybericht_Wettbewerb Wandbild Wylergut<\/a><\/p>\n<h3 class=\"western\"><span style=\"font-size: small;\">Das Bernische Historische Museum \u00fcbernimmt das umstrittene Wandbild\u00a0 <a href=\"https:\/\/www.raumplanerin.ch\/cms\/wp-content\/uploads\/2023\/07\/Umstrittenes-Berner-WandbildWir-machen-das-Gegenteil-von-Cancel-Culture.pdf\">(Umstrittenes Berner Wandbild\u00abWir machen das Gegenteil von Cancel-Culture\u00bb<\/a>) des Wylergut-Schulhauses. Direktor Thomas Pauli-Gabi will die hitzige Debatte versachlichen.<\/span><\/h3>\n","protected":false},"excerpt":{"rendered":"<p>Die Stadt als Auftraggeberin: Ausschreibung_zum zweistufigen Wettbewerb_Wandbild Wylergut Wettbewerb Wylergut_Programm Kornhausforum und Teilnehmende Wettbewerb_Wandbild_Wylergut_F\u00fcnf Projektvorschl\u00e4ge Jurybericht_Wettbewerb Wandbild Wylergut Das Bernische Historische Museum \u00fcbernimmt das umstrittene Wandbild\u00a0 (Umstrittenes Berner Wandbild\u00abWir machen das Gegenteil von Cancel-Culture\u00bb) des Wylergut-Schulhauses. Direktor Thomas Pauli-Gabi will die hitzige Debatte versachlichen.<\/p>\n","protected":false},"author":4,"featured_media":3263,"comment_status":"closed","ping_status":"closed","sticky":false,"template":"","format":"standard","meta":{"footnotes":""},"categories":[289,287,292],"tags":[28],"class_list":["post-3252","post","type-post","status-publish","format-standard","has-post-thumbnail","hentry","category-gender","category-wettbewerb","category-kultur","tag-wettbewerbe"],"_links":{"self":[{"href":"https:\/\/www.raumplanerin.ch\/cms\/wp-json\/wp\/v2\/posts\/3252","targetHints":{"allow":["GET"]}}],"collection":[{"href":"https:\/\/www.raumplanerin.ch\/cms\/wp-json\/wp\/v2\/posts"}],"about":[{"href":"https:\/\/www.raumplanerin.ch\/cms\/wp-json\/wp\/v2\/types\/post"}],"author":[{"embeddable":true,"href":"https:\/\/www.raumplanerin.ch\/cms\/wp-json\/wp\/v2\/users\/4"}],"replies":[{"embeddable":true,"href":"https:\/\/www.raumplanerin.ch\/cms\/wp-json\/wp\/v2\/comments?post=3252"}],"version-history":[{"count":5,"href":"https:\/\/www.raumplanerin.ch\/cms\/wp-json\/wp\/v2\/posts\/3252\/revisions"}],"predecessor-version":[{"id":3262,"href":"https:\/\/www.raumplanerin.ch\/cms\/wp-json\/wp\/v2\/posts\/3252\/revisions\/3262"}],"wp:featuredmedia":[{"embeddable":true,"href":"https:\/\/www.raumplanerin.ch\/cms\/wp-json\/wp\/v2\/media\/3263"}],"wp:attachment":[{"href":"https:\/\/www.raumplanerin.ch\/cms\/wp-json\/wp\/v2\/media?parent=3252"}],"wp:term":[{"taxonomy":"category","embeddable":true,"href":"https:\/\/www.raumplanerin.ch\/cms\/wp-json\/wp\/v2\/categories?post=3252"},{"taxonomy":"post_tag","embeddable":true,"href":"https:\/\/www.raumplanerin.ch\/cms\/wp-json\/wp\/v2\/tags?post=3252"}],"curies":[{"name":"wp","href":"https:\/\/api.w.org\/{rel}","templated":true}]}}