{"id":3020,"date":"2022-05-16T22:51:14","date_gmt":"2022-05-16T20:51:14","guid":{"rendered":"http:\/\/www.raumplanerin.ch\/cms\/?p=3020"},"modified":"2022-05-16T22:57:32","modified_gmt":"2022-05-16T20:57:32","slug":"cupfinal-am-sonntag-fanmaersche-sorgen-rund-ums-wankdorf-fuer-einschraenkungen","status":"publish","type":"post","link":"https:\/\/www.raumplanerin.ch\/cms\/cupfinal-am-sonntag-fanmaersche-sorgen-rund-ums-wankdorf-fuer-einschraenkungen\/","title":{"rendered":"Cupfinal am Sonntag &#8211; Fanm\u00e4rsche sorgen rund ums Wankdorf f\u00fcr Einschr\u00e4nkungen"},"content":{"rendered":"<p class=\"ContentHead_lead__zVmJZ link_regular__Cy8JS link_externalicon-big__uqzSW link_externalicon__Me6bM\"><span class=\"HtmlText_root__3vQQX\">Die Kantonspolizei warnt vor Verkehrsbehinderungen in Bern und Ostermundigen vor dem Cupfinal zwischen Lugano und St. Gallen.<\/span><\/p>\n<p><a href=\"https:\/\/www.derbund.ch\/fanmaersche-sorgen-rund-ums-wankdorf-fuer-einschraenkungen-114661479227\">Fanm\u00e4rsche<\/a><\/p>\n<p>&nbsp;<\/p>\n","protected":false},"excerpt":{"rendered":"<p>Die Kantonspolizei warnt vor Verkehrsbehinderungen in Bern und Ostermundigen vor dem Cupfinal zwischen Lugano und St. Gallen. Fanm\u00e4rsche &nbsp;<\/p>\n","protected":false},"author":4,"featured_media":0,"comment_status":"closed","ping_status":"closed","sticky":false,"template":"","format":"standard","meta":{"footnotes":""},"categories":[168],"tags":[164,222,48],"class_list":["post-3020","post","type-post","status-publish","format-standard","hentry","category-artikel","tag-fussball","tag-fussverkehr","tag-wankdorf"],"_links":{"self":[{"href":"https:\/\/www.raumplanerin.ch\/cms\/wp-json\/wp\/v2\/posts\/3020","targetHints":{"allow":["GET"]}}],"collection":[{"href":"https:\/\/www.raumplanerin.ch\/cms\/wp-json\/wp\/v2\/posts"}],"about":[{"href":"https:\/\/www.raumplanerin.ch\/cms\/wp-json\/wp\/v2\/types\/post"}],"author":[{"embeddable":true,"href":"https:\/\/www.raumplanerin.ch\/cms\/wp-json\/wp\/v2\/users\/4"}],"replies":[{"embeddable":true,"href":"https:\/\/www.raumplanerin.ch\/cms\/wp-json\/wp\/v2\/comments?post=3020"}],"version-history":[{"count":4,"href":"https:\/\/www.raumplanerin.ch\/cms\/wp-json\/wp\/v2\/posts\/3020\/revisions"}],"predecessor-version":[{"id":3024,"href":"https:\/\/www.raumplanerin.ch\/cms\/wp-json\/wp\/v2\/posts\/3020\/revisions\/3024"}],"wp:attachment":[{"href":"https:\/\/www.raumplanerin.ch\/cms\/wp-json\/wp\/v2\/media?parent=3020"}],"wp:term":[{"taxonomy":"category","embeddable":true,"href":"https:\/\/www.raumplanerin.ch\/cms\/wp-json\/wp\/v2\/categories?post=3020"},{"taxonomy":"post_tag","embeddable":true,"href":"https:\/\/www.raumplanerin.ch\/cms\/wp-json\/wp\/v2\/tags?post=3020"}],"curies":[{"name":"wp","href":"https:\/\/api.w.org\/{rel}","templated":true}]}}