{"id":2996,"date":"2022-05-07T15:40:04","date_gmt":"2022-05-07T13:40:04","guid":{"rendered":"http:\/\/www.raumplanerin.ch\/cms\/?p=2996"},"modified":"2022-11-22T10:16:28","modified_gmt":"2022-11-22T09:16:28","slug":"das-bubenbergzentrum-wird-stueck-fuer-stueck-abgerissen","status":"publish","type":"post","link":"https:\/\/www.raumplanerin.ch\/cms\/das-bubenbergzentrum-wird-stueck-fuer-stueck-abgerissen\/","title":{"rendered":"Das Bubenbergzentrum wird St\u00fcck f\u00fcr St\u00fcck abgerissen"},"content":{"rendered":"<p class=\"ContentHead_lead__zVmJZ link_regular__Cy8JS link_externalicon-big__uqzSW link_externalicon__Me6bM\"><span class=\"HtmlText_root__3vQQX\">Bis im Herbst wird das <a href=\"https:\/\/www.derbund.ch\/das-bubenbergzentrum-wird-stueck-fuer-stueck-abgetragen-709829030928\">Bubenbergzentrum<\/a> abgebaut, zwei Jahre sp\u00e4ter soll der Neubau stehen. Fussg\u00e4nger werden vor\u00fcbergehend durch einen Tunnel gef\u00fchrt.<\/span><\/p>\n","protected":false},"excerpt":{"rendered":"<p>Bis im Herbst wird das Bubenbergzentrum abgebaut, zwei Jahre sp\u00e4ter soll der Neubau stehen. Fussg\u00e4nger werden vor\u00fcbergehend durch einen Tunnel gef\u00fchrt.<\/p>\n","protected":false},"author":4,"featured_media":3100,"comment_status":"closed","ping_status":"closed","sticky":false,"template":"","format":"standard","meta":{"footnotes":""},"categories":[168,138,150,287],"tags":[6,58,63,87],"class_list":["post-2996","post","type-post","status-publish","format-standard","has-post-thumbnail","hentry","category-artikel","category-mitwirkungen-einsprachen","category-verkehrspolitik","category-wettbewerb","tag-bahnhof-bern","tag-bahnhoefe","tag-bahnhofplatz","tag-hirschengraben"],"_links":{"self":[{"href":"https:\/\/www.raumplanerin.ch\/cms\/wp-json\/wp\/v2\/posts\/2996","targetHints":{"allow":["GET"]}}],"collection":[{"href":"https:\/\/www.raumplanerin.ch\/cms\/wp-json\/wp\/v2\/posts"}],"about":[{"href":"https:\/\/www.raumplanerin.ch\/cms\/wp-json\/wp\/v2\/types\/post"}],"author":[{"embeddable":true,"href":"https:\/\/www.raumplanerin.ch\/cms\/wp-json\/wp\/v2\/users\/4"}],"replies":[{"embeddable":true,"href":"https:\/\/www.raumplanerin.ch\/cms\/wp-json\/wp\/v2\/comments?post=2996"}],"version-history":[{"count":5,"href":"https:\/\/www.raumplanerin.ch\/cms\/wp-json\/wp\/v2\/posts\/2996\/revisions"}],"predecessor-version":[{"id":3001,"href":"https:\/\/www.raumplanerin.ch\/cms\/wp-json\/wp\/v2\/posts\/2996\/revisions\/3001"}],"wp:featuredmedia":[{"embeddable":true,"href":"https:\/\/www.raumplanerin.ch\/cms\/wp-json\/wp\/v2\/media\/3100"}],"wp:attachment":[{"href":"https:\/\/www.raumplanerin.ch\/cms\/wp-json\/wp\/v2\/media?parent=2996"}],"wp:term":[{"taxonomy":"category","embeddable":true,"href":"https:\/\/www.raumplanerin.ch\/cms\/wp-json\/wp\/v2\/categories?post=2996"},{"taxonomy":"post_tag","embeddable":true,"href":"https:\/\/www.raumplanerin.ch\/cms\/wp-json\/wp\/v2\/tags?post=2996"}],"curies":[{"name":"wp","href":"https:\/\/api.w.org\/{rel}","templated":true}]}}