{"id":2544,"date":"2017-09-02T14:42:42","date_gmt":"2017-09-02T12:42:42","guid":{"rendered":"http:\/\/web15139.login-3.loginserver.ch\/wp\/?p=2544"},"modified":"2022-05-02T16:39:43","modified_gmt":"2022-05-02T14:39:43","slug":"neuer-stadtgarten-an-der-mutachstrasse-2","status":"publish","type":"post","link":"https:\/\/www.raumplanerin.ch\/cms\/neuer-stadtgarten-an-der-mutachstrasse-2\/","title":{"rendered":"Neuer Stadtgarten\u2019 an der Mutachstrasse"},"content":{"rendered":"\n<p>02.09.2017\u2019 Neuer Stadtgarten\u2019 an der Mutachstrasse. Gewonnen haben den Investorenwettbewerb f\u00fcr 110 kosteng\u00fcnstige Wohnungen Halter AG, als gr\u00f6sster Schweizer Totalunternehmer, GWJ und ein Z\u00fcrcher Landschaftsb\u00fcro. Der Frauenanteil bei den Gewinnern liegt bei 0 Prozent?<\/p>\n","protected":false},"excerpt":{"rendered":"<p>02.09.2017\u2019 Neuer Stadtgarten\u2019 an der Mutachstrasse. Gewonnen haben den Investorenwettbewerb f\u00fcr 110 kosteng\u00fcnstige Wohnungen Halter AG, als gr\u00f6sster Schweizer Totalunternehmer, GWJ und ein Z\u00fcrcher Landschaftsb\u00fcro. Der Frauenanteil bei den Gewinnern liegt bei 0 Prozent?<\/p>\n","protected":false},"author":2,"featured_media":0,"comment_status":"open","ping_status":"open","sticky":false,"template":"","format":"standard","meta":{"footnotes":""},"categories":[2],"tags":[290,158,281,28],"class_list":["post-2544","post","type-post","status-publish","format-standard","hentry","category-vorstoesse","tag-frauen","tag-mutachstrasse","tag-stadtgarten","tag-wettbewerbe"],"_links":{"self":[{"href":"https:\/\/www.raumplanerin.ch\/cms\/wp-json\/wp\/v2\/posts\/2544","targetHints":{"allow":["GET"]}}],"collection":[{"href":"https:\/\/www.raumplanerin.ch\/cms\/wp-json\/wp\/v2\/posts"}],"about":[{"href":"https:\/\/www.raumplanerin.ch\/cms\/wp-json\/wp\/v2\/types\/post"}],"author":[{"embeddable":true,"href":"https:\/\/www.raumplanerin.ch\/cms\/wp-json\/wp\/v2\/users\/2"}],"replies":[{"embeddable":true,"href":"https:\/\/www.raumplanerin.ch\/cms\/wp-json\/wp\/v2\/comments?post=2544"}],"version-history":[{"count":1,"href":"https:\/\/www.raumplanerin.ch\/cms\/wp-json\/wp\/v2\/posts\/2544\/revisions"}],"predecessor-version":[{"id":2930,"href":"https:\/\/www.raumplanerin.ch\/cms\/wp-json\/wp\/v2\/posts\/2544\/revisions\/2930"}],"wp:attachment":[{"href":"https:\/\/www.raumplanerin.ch\/cms\/wp-json\/wp\/v2\/media?parent=2544"}],"wp:term":[{"taxonomy":"category","embeddable":true,"href":"https:\/\/www.raumplanerin.ch\/cms\/wp-json\/wp\/v2\/categories?post=2544"},{"taxonomy":"post_tag","embeddable":true,"href":"https:\/\/www.raumplanerin.ch\/cms\/wp-json\/wp\/v2\/tags?post=2544"}],"curies":[{"name":"wp","href":"https:\/\/api.w.org\/{rel}","templated":true}]}}