{"id":2539,"date":"2014-02-10T14:37:10","date_gmt":"2014-02-10T13:37:10","guid":{"rendered":"http:\/\/web15139.login-3.loginserver.ch\/wp\/?p=2539"},"modified":"2020-07-08T14:40:19","modified_gmt":"2020-07-08T12:40:19","slug":"dringliche-interfraktionelle-motion-sp-gfl-evp-gisela-vollmer-sp-rania-bahnan-bueechi-gfl-matthias-stuermer-evp-schulhaeuser-und-schulraum-planung-in-der-stadt-bern","status":"publish","type":"post","link":"https:\/\/www.raumplanerin.ch\/cms\/dringliche-interfraktionelle-motion-sp-gfl-evp-gisela-vollmer-sp-rania-bahnan-bueechi-gfl-matthias-stuermer-evp-schulhaeuser-und-schulraum-planung-in-der-stadt-bern\/","title":{"rendered":"Dringliche  Interfraktionelle  Motion  SP,  GFL\/EVP  (Gisela  Vollmer,  SP\/Rania Bahnan B\u00fcechi, GFL\/Matthias St\u00fcrmer, EVP): Schulh\u00e4user und Schulraum-planung in der Stadt Bern"},"content":{"rendered":"\n<p><a href=\"https:\/\/www.raumplanerin.ch\/cms\/wp-content\/uploads\/2016\/03\/20140210-def.-Stadtratsvortrag-Dringliche-Interfraktionelle-Motion-SP-GFL_EVP-Gisela-Vollmer-SP_Rania-Bahnan-B\u00fcechi-GFL_Matthias-St\u00fcrmer-EVP-Schulh\u00e4user-und-Schulraumplanung-in-der-Stadt-Bern-Annahme-als-Richtlinie_Abschreibung.pdf\">28.11.2013  \/ 20140210 def. Stadtratsvortrag: Dringliche Interfraktionelle Motion  SP, GFL_EVP (Gisela Vollmer, SP_Rania Bahnan B\u00fcechi, GFL_Matthias  St\u00fcrmer, EVP): Schulh\u00e4user und Schulraumplanung in der Stadt Bern;  Annahme als Richtlinie_Abschreibung<\/a><\/p>\n","protected":false},"excerpt":{"rendered":"<p>28.11.2013 \/ 20140210 def. Stadtratsvortrag: Dringliche Interfraktionelle Motion SP, GFL_EVP (Gisela Vollmer, SP_Rania Bahnan B\u00fcechi, GFL_Matthias St\u00fcrmer, EVP): Schulh\u00e4user und Schulraumplanung in der Stadt Bern; Annahme als Richtlinie_Abschreibung<\/p>\n","protected":false},"author":2,"featured_media":0,"comment_status":"open","ping_status":"open","sticky":false,"template":"","format":"standard","meta":{"footnotes":""},"categories":[2],"tags":[30,31],"class_list":["post-2539","post","type-post","status-publish","format-standard","hentry","category-vorstoesse","tag-schulhaeuser","tag-schulraumplanung"],"_links":{"self":[{"href":"https:\/\/www.raumplanerin.ch\/cms\/wp-json\/wp\/v2\/posts\/2539","targetHints":{"allow":["GET"]}}],"collection":[{"href":"https:\/\/www.raumplanerin.ch\/cms\/wp-json\/wp\/v2\/posts"}],"about":[{"href":"https:\/\/www.raumplanerin.ch\/cms\/wp-json\/wp\/v2\/types\/post"}],"author":[{"embeddable":true,"href":"https:\/\/www.raumplanerin.ch\/cms\/wp-json\/wp\/v2\/users\/2"}],"replies":[{"embeddable":true,"href":"https:\/\/www.raumplanerin.ch\/cms\/wp-json\/wp\/v2\/comments?post=2539"}],"version-history":[{"count":0,"href":"https:\/\/www.raumplanerin.ch\/cms\/wp-json\/wp\/v2\/posts\/2539\/revisions"}],"wp:attachment":[{"href":"https:\/\/www.raumplanerin.ch\/cms\/wp-json\/wp\/v2\/media?parent=2539"}],"wp:term":[{"taxonomy":"category","embeddable":true,"href":"https:\/\/www.raumplanerin.ch\/cms\/wp-json\/wp\/v2\/categories?post=2539"},{"taxonomy":"post_tag","embeddable":true,"href":"https:\/\/www.raumplanerin.ch\/cms\/wp-json\/wp\/v2\/tags?post=2539"}],"curies":[{"name":"wp","href":"https:\/\/api.w.org\/{rel}","templated":true}]}}