{"id":2435,"date":"2016-09-19T10:39:02","date_gmt":"2016-09-19T08:39:02","guid":{"rendered":"http:\/\/web15139.login-3.loginserver.ch\/wp\/?p=2435"},"modified":"2020-07-08T10:42:22","modified_gmt":"2020-07-08T08:42:22","slug":"gaswerkareal-grundeigentuemerbereinigung","status":"publish","type":"post","link":"https:\/\/www.raumplanerin.ch\/cms\/gaswerkareal-grundeigentuemerbereinigung\/","title":{"rendered":"Gaswerkareal-Grundeigent\u00fcmerbereinigung"},"content":{"rendered":"\n<p><a href=\"https:\/\/www.raumplanerin.ch\/cms\/wp-content\/uploads\/2013\/12\/Gaswerkareal-Grundeigent\u00fcmerbereinigung_5.pdf\">Gaswerkareal-Grundeigent\u00fcmerbereinigung_5, 19.09.2016 <\/a><\/p>\n\n\n\n<p>Damit die Stadt den Planungsprozess selber in die Hand nehmen kann und  die entstehenden Planungsmehrwerte absch\u00f6pfen kann, m\u00fcssen die  Grundst\u00fcckesteile, die das ewb nicht mehr ben\u00f6tigt, m\u00f6glichst schnell in  das Eigentum der Stadt Bern zur\u00fcckgef\u00fchrt werden. <\/p>\n","protected":false},"excerpt":{"rendered":"<p>Gaswerkareal-Grundeigent\u00fcmerbereinigung_5, 19.09.2016 Damit die Stadt den Planungsprozess selber in die Hand nehmen kann und die entstehenden Planungsmehrwerte absch\u00f6pfen kann, m\u00fcssen die Grundst\u00fcckesteile, die das ewb nicht mehr ben\u00f6tigt, m\u00f6glichst schnell in das Eigentum der Stadt Bern zur\u00fcckgef\u00fchrt werden.<\/p>\n","protected":false},"author":2,"featured_media":0,"comment_status":"open","ping_status":"open","sticky":false,"template":"","format":"standard","meta":{"footnotes":""},"categories":[2],"tags":[26],"class_list":["post-2435","post","type-post","status-publish","format-standard","hentry","category-vorstoesse","tag-gaswerkareal"],"_links":{"self":[{"href":"https:\/\/www.raumplanerin.ch\/cms\/wp-json\/wp\/v2\/posts\/2435","targetHints":{"allow":["GET"]}}],"collection":[{"href":"https:\/\/www.raumplanerin.ch\/cms\/wp-json\/wp\/v2\/posts"}],"about":[{"href":"https:\/\/www.raumplanerin.ch\/cms\/wp-json\/wp\/v2\/types\/post"}],"author":[{"embeddable":true,"href":"https:\/\/www.raumplanerin.ch\/cms\/wp-json\/wp\/v2\/users\/2"}],"replies":[{"embeddable":true,"href":"https:\/\/www.raumplanerin.ch\/cms\/wp-json\/wp\/v2\/comments?post=2435"}],"version-history":[{"count":0,"href":"https:\/\/www.raumplanerin.ch\/cms\/wp-json\/wp\/v2\/posts\/2435\/revisions"}],"wp:attachment":[{"href":"https:\/\/www.raumplanerin.ch\/cms\/wp-json\/wp\/v2\/media?parent=2435"}],"wp:term":[{"taxonomy":"category","embeddable":true,"href":"https:\/\/www.raumplanerin.ch\/cms\/wp-json\/wp\/v2\/categories?post=2435"},{"taxonomy":"post_tag","embeddable":true,"href":"https:\/\/www.raumplanerin.ch\/cms\/wp-json\/wp\/v2\/tags?post=2435"}],"curies":[{"name":"wp","href":"https:\/\/api.w.org\/{rel}","templated":true}]}}